{"id":34,"count":0,"description":"<div class=\"rq0escxv l9j0dhe7 du4w35lb j83agx80 cbu4d94t d2edcug0 hpfvmrgz rj1gh0hx buofh1pr g5gj957u o8rfisnq p8fzw8mz pcp91wgn iuny7tx3 ipjc6fyt\">\r\n<div class=\"j83agx80 cbu4d94t ew0dbk1b irj2b8pg\">\r\n<div class=\"qzhwtbm6 knvmm38d\">\r\n<div class=\"j83agx80 cbu4d94t ew0dbk1b irj2b8pg\">\r\n<div class=\"qzhwtbm6 knvmm38d\">\r\n<div class=\"kvgmc6g5 cxmmr5t8 oygrvhab hcukyx3x c1et5uql\">\r\n<div dir=\"auto\">Ecos da Gl\u00f3ria \u00e9 o Departamento musical da Igreja Assembl\u00e9ia de Deus - Minist\u00e9rio Madureira de Mogi das Cruzes\/SP (AD Mogi),\u00a0 composto pela Orquestra e Coral, sob a reg\u00eancia do Maestro Lelis Gerson.<\/div>\r\n<div dir=\"auto\">\r\n<div class=\"rq0escxv l9j0dhe7 du4w35lb j83agx80 cbu4d94t d2edcug0 hpfvmrgz rj1gh0hx buofh1pr g5gj957u o8rfisnq p8fzw8mz pcp91wgn iuny7tx3 ipjc6fyt\">\r\n<div class=\"j83agx80 cbu4d94t ew0dbk1b irj2b8pg\">\r\n<div class=\"qzhwtbm6 knvmm38d\">\r\n<div class=\"j83agx80 cbu4d94t ew0dbk1b irj2b8pg\">\r\n<div class=\"qzhwtbm6 knvmm38d\">\r\n<div class=\"kvgmc6g5 cxmmr5t8 oygrvhab hcukyx3x c1et5uql\">\r\n<div dir=\"auto\">Pastores Presidentes - Gilberto de Paula e Vilma de Paula.<\/div>\r\n<div dir=\"auto\">\r\n<div dir=\"auto\">Ecos da Gl\u00f3ria \u00e9 o Departamento musical da Igreja Assembl\u00e9ia de Deus - Minist\u00e9rio Madureira de Mogi das Cruzes\/SP (AD Mogi),\u00a0 composto pela Orquestra e Coral, sob a reg\u00eancia do Maestro Lelis Gerson.<\/div>\r\n<div dir=\"auto\">\r\n<div class=\"rq0escxv l9j0dhe7 du4w35lb j83agx80 cbu4d94t d2edcug0 hpfvmrgz rj1gh0hx buofh1pr g5gj957u o8rfisnq p8fzw8mz pcp91wgn iuny7tx3 ipjc6fyt\">\r\n<div class=\"j83agx80 cbu4d94t ew0dbk1b irj2b8pg\">\r\n<div class=\"qzhwtbm6 knvmm38d\">\r\n<div class=\"j83agx80 cbu4d94t ew0dbk1b irj2b8pg\">\r\n<div class=\"qzhwtbm6 knvmm38d\">\r\n<div class=\"kvgmc6g5 cxmmr5t8 oygrvhab hcukyx3x c1et5uql\">\r\n<div dir=\"auto\">Pastores Presidentes - Gilberto de Paula e Vilma de Paula.<\/div>\r\n<div dir=\"auto\">\r\n<div dir=\"auto\">Departamento musical da Igreja Assembl\u00e9ia de Deus - Minist\u00e9rio Madureira de Mogi das Cruzes\/SP (AD Mogi),\u00a0 composto pela Orquestra e Coral, sob a reg\u00eancia do Maestro Lelis Gerson.<\/div>\r\n<div dir=\"auto\">\r\n<div class=\"rq0escxv l9j0dhe7 du4w35lb j83agx80 cbu4d94t d2edcug0 hpfvmrgz rj1gh0hx buofh1pr g5gj957u o8rfisnq p8fzw8mz pcp91wgn iuny7tx3 ipjc6fyt\">\r\n<div class=\"j83agx80 cbu4d94t ew0dbk1b irj2b8pg\">\r\n<div class=\"qzhwtbm6 knvmm38d\">\r\n<div class=\"j83agx80 cbu4d94t ew0dbk1b irj2b8pg\">\r\n<div class=\"qzhwtbm6 knvmm38d\">\r\n<div class=\"kvgmc6g5 cxmmr5t8 oygrvhab hcukyx3x c1et5uql\">\r\n<div dir=\"auto\">Pastores Presidentes - Gilberto de Paula e Vilma de Paula.<\/div>\r\n<div dir=\"auto\">\r\n<div dir=\"auto\">Departamento musical da Igreja Assembl\u00e9ia de Deus - Minist\u00e9rio Madureira de Mogi das Cruzes\/SP (AD Mogi),\u00a0 composto pela Orquestra e Coral, sob a reg\u00eancia do Maestro Lelis Gerson.<\/div>\r\n<div dir=\"auto\">\r\n<div class=\"rq0escxv l9j0dhe7 du4w35lb j83agx80 cbu4d94t d2edcug0 hpfvmrgz rj1gh0hx buofh1pr g5gj957u o8rfisnq p8fzw8mz pcp91wgn iuny7tx3 ipjc6fyt\">\r\n<div class=\"j83agx80 cbu4d94t ew0dbk1b irj2b8pg\">\r\n<div class=\"qzhwtbm6 knvmm38d\">\r\n<div class=\"j83agx80 cbu4d94t ew0dbk1b irj2b8pg\">\r\n<div class=\"qzhwtbm6 knvmm38d\">\r\n<div class=\"kvgmc6g5 cxmmr5t8 oygrvhab hcukyx3x c1et5uql\">\r\n<div dir=\"auto\">Pastores Presidentes - Gilberto de Paula e Vilma de Paula.<\/div>\r\n<\/div>\r\n<\/div>\r\n<\/div>\r\n<\/div>\r\n<\/div>\r\n<\/div>\r\n<\/div>\r\n<\/div>\r\n<\/div>\r\n<\/div>\r\n<\/div>\r\n<\/div>\r\n<\/div>\r\n<\/div>\r\n<\/div>\r\n<\/div>\r\n<\/div>\r\n<\/div>\r\n<\/div>\r\n<\/div>\r\n<\/div>\r\n<\/div>\r\n<\/div>\r\n<\/div>\r\n<\/div>\r\n<\/div>\r\n<\/div>\r\n<\/div>\r\n<\/div>\r\n<\/div>\r\n<\/div>\r\n<\/div>\r\n<\/div>\r\n<\/div>\r\n<\/div>\r\n<\/div>\r\n<\/div>","link":"https:\/\/adbrasmogi.com.br\/index.php\/category\/ecos\/","name":"Ecos da Gl\u00f3ria","slug":"ecos","taxonomy":"category","parent":0,"meta":[],"yoast_head":"<!-- This site is optimized with the Yoast SEO plugin v18.5.1 - https:\/\/yoast.com\/wordpress\/plugins\/seo\/ -->\n<title>Ecos da Gl\u00f3ria - Ad Bras Mogi das Cruzes<\/title>\n<meta name=\"description\" content=\"Ecos da Gl\u00f3ria, \u00e9 o Departamento musical da Igreja Assembl\u00e9ia de Deus - Minist\u00e9rio Madureira de Mogi das Cruzes\/SP (AD Mogi), composto pela Orquestra e Coral, sob a reg\u00eancia do Maestro Lelis Gerson.Pastores Presidentes - Gilberto de Paula e Vilma de Paula.\" \/>\n<meta name=\"robots\" content=\"index, follow, max-snippet:-1, max-image-preview:large, max-video-preview:-1\" \/>\n<link rel=\"canonical\" href=\"https:\/\/adbrasmogi.com.br\/index.php\/category\/ecos\/\" \/>\n<meta property=\"og:locale\" content=\"en_US\" \/>\n<meta property=\"og:type\" content=\"article\" \/>\n<meta property=\"og:title\" content=\"Ecos da Gl\u00f3ria - Ad Bras Mogi das Cruzes\" \/>\n<meta property=\"og:description\" content=\"Ecos da Gl\u00f3ria, \u00e9 o Departamento musical da Igreja Assembl\u00e9ia de Deus - Minist\u00e9rio Madureira de Mogi das Cruzes\/SP (AD Mogi), composto pela Orquestra e Coral, sob a reg\u00eancia do Maestro Lelis Gerson.Pastores Presidentes - Gilberto de Paula e Vilma de Paula.\" \/>\n<meta property=\"og:url\" content=\"https:\/\/adbrasmogi.com.br\/index.php\/category\/ecos\/\" \/>\n<meta property=\"og:site_name\" content=\"Ad Bras Mogi das Cruzes\" \/>\n<meta name=\"twitter:card\" content=\"summary_large_image\" \/>\n<script type=\"application\/ld+json\" class=\"yoast-schema-graph\">{\"@context\":\"https:\/\/schema.org\",\"@graph\":[{\"@type\":\"WebSite\",\"@id\":\"https:\/\/adbrasmogi.com.br\/#website\",\"url\":\"https:\/\/adbrasmogi.com.br\/\",\"name\":\"Ad Bras Mogi das Cruzes\",\"description\":\"Esta Casa est\u00e1 Cheia da Gl\u00f3ria de Deus!\",\"potentialAction\":[{\"@type\":\"SearchAction\",\"target\":{\"@type\":\"EntryPoint\",\"urlTemplate\":\"https:\/\/adbrasmogi.com.br\/?s={search_term_string}\"},\"query-input\":\"required name=search_term_string\"}],\"inLanguage\":\"en-US\"},{\"@type\":\"CollectionPage\",\"@id\":\"https:\/\/adbrasmogi.com.br\/index.php\/category\/ecos\/#webpage\",\"url\":\"https:\/\/adbrasmogi.com.br\/index.php\/category\/ecos\/\",\"name\":\"Ecos da Gl\u00f3ria - Ad Bras Mogi das Cruzes\",\"isPartOf\":{\"@id\":\"https:\/\/adbrasmogi.com.br\/#website\"},\"description\":\"Ecos da Gl\u00f3ria, \u00e9 o Departamento musical da Igreja Assembl\u00e9ia de Deus - Minist\u00e9rio Madureira de Mogi das Cruzes\/SP (AD Mogi), composto pela Orquestra e Coral, sob a reg\u00eancia do Maestro Lelis Gerson.Pastores Presidentes - Gilberto de Paula e Vilma de Paula.\",\"breadcrumb\":{\"@id\":\"https:\/\/adbrasmogi.com.br\/index.php\/category\/ecos\/#breadcrumb\"},\"inLanguage\":\"en-US\",\"potentialAction\":[{\"@type\":\"ReadAction\",\"target\":[\"https:\/\/adbrasmogi.com.br\/index.php\/category\/ecos\/\"]}]},{\"@type\":\"BreadcrumbList\",\"@id\":\"https:\/\/adbrasmogi.com.br\/index.php\/category\/ecos\/#breadcrumb\",\"itemListElement\":[{\"@type\":\"ListItem\",\"position\":1,\"name\":\"In\u00edcio\",\"item\":\"https:\/\/adbrasmogi.com.br\/\"},{\"@type\":\"ListItem\",\"position\":2,\"name\":\"Ecos da Gl\u00f3ria\"}]}]}<\/script>\n<!-- \/ Yoast SEO plugin. -->","yoast_head_json":{"title":"Ecos da Gl\u00f3ria - Ad Bras Mogi das Cruzes","description":"Ecos da Gl\u00f3ria, \u00e9 o Departamento musical da Igreja Assembl\u00e9ia de Deus - Minist\u00e9rio Madureira de Mogi das Cruzes\/SP (AD Mogi), composto pela Orquestra e Coral, sob a reg\u00eancia do Maestro Lelis Gerson.Pastores Presidentes - Gilberto de Paula e Vilma de Paula.","robots":{"index":"index","follow":"follow","max-snippet":"max-snippet:-1","max-image-preview":"max-image-preview:large","max-video-preview":"max-video-preview:-1"},"canonical":"https:\/\/adbrasmogi.com.br\/index.php\/category\/ecos\/","og_locale":"en_US","og_type":"article","og_title":"Ecos da Gl\u00f3ria - Ad Bras Mogi das Cruzes","og_description":"Ecos da Gl\u00f3ria, \u00e9 o Departamento musical da Igreja Assembl\u00e9ia de Deus - Minist\u00e9rio Madureira de Mogi das Cruzes\/SP (AD Mogi), composto pela Orquestra e Coral, sob a reg\u00eancia do Maestro Lelis Gerson.Pastores Presidentes - Gilberto de Paula e Vilma de Paula.","og_url":"https:\/\/adbrasmogi.com.br\/index.php\/category\/ecos\/","og_site_name":"Ad Bras Mogi das Cruzes","twitter_card":"summary_large_image","schema":{"@context":"https:\/\/schema.org","@graph":[{"@type":"WebSite","@id":"https:\/\/adbrasmogi.com.br\/#website","url":"https:\/\/adbrasmogi.com.br\/","name":"Ad Bras Mogi das Cruzes","description":"Esta Casa est\u00e1 Cheia da Gl\u00f3ria de Deus!","potentialAction":[{"@type":"SearchAction","target":{"@type":"EntryPoint","urlTemplate":"https:\/\/adbrasmogi.com.br\/?s={search_term_string}"},"query-input":"required name=search_term_string"}],"inLanguage":"en-US"},{"@type":"CollectionPage","@id":"https:\/\/adbrasmogi.com.br\/index.php\/category\/ecos\/#webpage","url":"https:\/\/adbrasmogi.com.br\/index.php\/category\/ecos\/","name":"Ecos da Gl\u00f3ria - Ad Bras Mogi das Cruzes","isPartOf":{"@id":"https:\/\/adbrasmogi.com.br\/#website"},"description":"Ecos da Gl\u00f3ria, \u00e9 o Departamento musical da Igreja Assembl\u00e9ia de Deus - Minist\u00e9rio Madureira de Mogi das Cruzes\/SP (AD Mogi), composto pela Orquestra e Coral, sob a reg\u00eancia do Maestro Lelis Gerson.Pastores Presidentes - Gilberto de Paula e Vilma de Paula.","breadcrumb":{"@id":"https:\/\/adbrasmogi.com.br\/index.php\/category\/ecos\/#breadcrumb"},"inLanguage":"en-US","potentialAction":[{"@type":"ReadAction","target":["https:\/\/adbrasmogi.com.br\/index.php\/category\/ecos\/"]}]},{"@type":"BreadcrumbList","@id":"https:\/\/adbrasmogi.com.br\/index.php\/category\/ecos\/#breadcrumb","itemListElement":[{"@type":"ListItem","position":1,"name":"In\u00edcio","item":"https:\/\/adbrasmogi.com.br\/"},{"@type":"ListItem","position":2,"name":"Ecos da Gl\u00f3ria"}]}]}},"_links":{"self":[{"href":"https:\/\/adbrasmogi.com.br\/index.php\/wp-json\/wp\/v2\/categories\/34"}],"collection":[{"href":"https:\/\/adbrasmogi.com.br\/index.php\/wp-json\/wp\/v2\/categories"}],"about":[{"href":"https:\/\/adbrasmogi.com.br\/index.php\/wp-json\/wp\/v2\/taxonomies\/category"}],"wp:post_type":[{"href":"https:\/\/adbrasmogi.com.br\/index.php\/wp-json\/wp\/v2\/posts?categories=34"}],"curies":[{"name":"wp","href":"https:\/\/api.w.org\/{rel}","templated":true}]}}