{"id":370,"date":"2024-03-07T14:29:11","date_gmt":"2024-03-07T17:29:11","guid":{"rendered":"http:\/\/adbrasmogi.com.br\/?p=370"},"modified":"2024-03-08T10:04:00","modified_gmt":"2024-03-08T13:04:00","slug":"mes-mulheres-2024","status":"publish","type":"post","link":"https:\/\/adbrasmogi.com.br\/index.php\/2024\/03\/07\/mes-mulheres-2024\/","title":{"rendered":"Abertura do M\u00eas das Mulheres &#8211; 2024"},"content":{"rendered":"\n<p>A Abertura do M\u00eas das Mulheres 2024 aconteceu no \u00faltimo dia 6 de mar\u00e7o, \u00e0s 19 horas, em nossa catedral em Mogi das Cruzes, carinhosamente conhecida como &#8220;Mogi das Ben\u00e7\u00e3os&#8221;, conforme sempre menciona nosso amado Pastor. <\/p>\n\n\n\n<p>A presen\u00e7a marcante do Pastor Presidente Gilberto de Paula e da querida Pastora Vilma de Paula dirigindo os trabalhos foi um presente, aben\u00e7oando-nos como sempre com toda a sua experi\u00eancia e amor. <\/p>\n\n\n\n<p>Encarregados da organiza\u00e7\u00e3o, o primeiro Vice Presidente Pastor Tony e a Mission\u00e1ria Viviane desempenharam um papel fundamental, garantindo a habitual organiza\u00e7\u00e3o impec\u00e1vel e precisa do culto. <\/p>\n\n\n\n<p>A ministra\u00e7\u00e3o da Pastora Marta Dias, Presidente da CIBE AD Br\u00e1s S\u00e3o Caetano do Sul, foi um ponto alto. Deus a usou grandemente para encorajar, incentivar e transformar os cora\u00e7\u00f5es de todos os presentes. Expressamos nossa eterna gratid\u00e3o por sua inspiradora presen\u00e7a. <\/p>\n\n\n\n<p>A Diretoria completa participou ativamente, juntamente com as Congrega\u00e7\u00f5es da Regional de Mogi das Cruzes. Os Pastores Dirigentes de todas as nossas igrejas do campo de Mogi das Cruzes contribu\u00edram significativamente para este momento de comunh\u00e3o. <\/p>\n\n\n\n<p>A Orquestra Ecos de Gl\u00f3ria, sob a batuta do nosso talentoso Maestro Lelis, mais uma vez desempenhou um trabalho excelente. <\/p>\n\n\n\n<p>Ao longo da Abertura do M\u00eas das Mulheres 2024 na AD BRAS Mogi das Cruzes, contamos, \u00e9 claro, com a participa\u00e7\u00e3o especial da nossa equipe de irm\u00e3s no louvor, acompanhadas pelos envolventes pandeiros do Ex\u00e9rcito Brasa Viva. <\/p>\n\n\n\n<p>Este foi, sem d\u00favida, um momento de adora\u00e7\u00e3o singular da nossa dedicada equipe CIBE AD. Bras Mogi das Cruzes.<br>Como a Palavra de Deus nos diz :<\/p>\n\n\n\n<p>Mulher virtuosa quem a achar\u00e1? O seu valor muito excede ao de rubis. (Prov\u00e9rbios 31:10)<\/p>\n\n\n\n<p><\/p>\n\n\n\n<p><br>&#8220;Mulheres  Fortes e Resilientes&#8221;<br>&#8220;Porque Deus n\u00e3o nos deu o esp\u00edrito de temor, mas de fortaleza, e de amor, e de modera\u00e7\u00e3o.&#8221; <\/p>\n\n\n\n<p>(2 Tim\u00f3teo 1:7)<\/p>\n\n\n\n<h2>Saiba Mais sobre o M\u00eas das Mulheres &#8211; 2024!!!<\/h2>\n\n\n\n<p><\/p>\n\n\n\n<p>Veja mais sobre nossa Uni\u00e3o Feminina :<br><a href=\"https:\/\/adbrasmogi.com.br\/index.php\/category\/ufad\/\" target=\"_blank\" rel=\"noreferrer noopener\">https:\/\/adbrasmogi.com.br\/index.php\/category\/ufad\/<\/a><br><\/p>\n\n\n\n<p>Veja mais fotos em :<br><a href=\"https:\/\/www.facebook.com\/admogi.madureira\/posts\/1660572381349094?ref=embed_post\" target=\"_blank\" rel=\"noreferrer noopener\">https:\/\/www.facebook.com\/admogi.madureira\/posts\/1660572381349094?ref=embed_post<\/a><\/p>\n\n\n\n<p><\/p>\n\n\n\n<figure class=\"wp-block-gallery has-nested-images columns-default is-cropped\">\n<figure class=\"wp-block-image size-large\"><img loading=\"lazy\" width=\"2048\" height=\"1365\" data-id=\"372\"  src=\"https:\/\/adbrasmogi.com.br\/wp-content\/uploads\/2024\/03\/foto01-.jpg\" alt=\"Abertura do M\u00eas das Mulheres - 2024\" class=\"wp-image-372\" srcset=\"https:\/\/adbrasmogi.com.br\/wp-content\/uploads\/2024\/03\/foto01-.jpg 2048w, https:\/\/adbrasmogi.com.br\/wp-content\/uploads\/2024\/03\/foto01--300x200.jpg 300w, https:\/\/adbrasmogi.com.br\/wp-content\/uploads\/2024\/03\/foto01--1024x683.jpg 1024w, https:\/\/adbrasmogi.com.br\/wp-content\/uploads\/2024\/03\/foto01--768x512.jpg 768w, https:\/\/adbrasmogi.com.br\/wp-content\/uploads\/2024\/03\/foto01--1536x1024.jpg 1536w\" sizes=\"(max-width: 2048px) 100vw, 2048px\" \/><\/figure>\n\n\n\n<figure class=\"wp-block-image size-large\"><img loading=\"lazy\" width=\"2048\" height=\"1365\" data-id=\"373\"  src=\"https:\/\/adbrasmogi.com.br\/wp-content\/uploads\/2024\/03\/foto02.jpg\" alt=\"Abertura do M\u00eas das Mulheres - 2024\" class=\"wp-image-373\" srcset=\"https:\/\/adbrasmogi.com.br\/wp-content\/uploads\/2024\/03\/foto02.jpg 2048w, https:\/\/adbrasmogi.com.br\/wp-content\/uploads\/2024\/03\/foto02-300x200.jpg 300w, https:\/\/adbrasmogi.com.br\/wp-content\/uploads\/2024\/03\/foto02-1024x683.jpg 1024w, https:\/\/adbrasmogi.com.br\/wp-content\/uploads\/2024\/03\/foto02-768x512.jpg 768w, https:\/\/adbrasmogi.com.br\/wp-content\/uploads\/2024\/03\/foto02-1536x1024.jpg 1536w\" sizes=\"(max-width: 2048px) 100vw, 2048px\" \/><\/figure>\n\n\n\n<figure class=\"wp-block-image size-large\"><img loading=\"lazy\" width=\"2048\" height=\"1365\" data-id=\"374\"  src=\"https:\/\/adbrasmogi.com.br\/wp-content\/uploads\/2024\/03\/foto002.jpg\" alt=\"Abertura do M\u00eas das Mulheres - 2024\" class=\"wp-image-374\" srcset=\"https:\/\/adbrasmogi.com.br\/wp-content\/uploads\/2024\/03\/foto002.jpg 2048w, https:\/\/adbrasmogi.com.br\/wp-content\/uploads\/2024\/03\/foto002-300x200.jpg 300w, https:\/\/adbrasmogi.com.br\/wp-content\/uploads\/2024\/03\/foto002-1024x683.jpg 1024w, https:\/\/adbrasmogi.com.br\/wp-content\/uploads\/2024\/03\/foto002-768x512.jpg 768w, https:\/\/adbrasmogi.com.br\/wp-content\/uploads\/2024\/03\/foto002-1536x1024.jpg 1536w\" sizes=\"(max-width: 2048px) 100vw, 2048px\" \/><\/figure>\n\n\n\n<figure class=\"wp-block-image size-large\"><img loading=\"lazy\" width=\"2048\" height=\"1365\" data-id=\"375\"  src=\"https:\/\/adbrasmogi.com.br\/wp-content\/uploads\/2024\/03\/foto0002.jpg\" alt=\"Abertura do M\u00eas das Mulheres - 2024\" class=\"wp-image-375\" srcset=\"https:\/\/adbrasmogi.com.br\/wp-content\/uploads\/2024\/03\/foto0002.jpg 2048w, https:\/\/adbrasmogi.com.br\/wp-content\/uploads\/2024\/03\/foto0002-300x200.jpg 300w, https:\/\/adbrasmogi.com.br\/wp-content\/uploads\/2024\/03\/foto0002-1024x683.jpg 1024w, https:\/\/adbrasmogi.com.br\/wp-content\/uploads\/2024\/03\/foto0002-768x512.jpg 768w, https:\/\/adbrasmogi.com.br\/wp-content\/uploads\/2024\/03\/foto0002-1536x1024.jpg 1536w\" sizes=\"(max-width: 2048px) 100vw, 2048px\" \/><\/figure>\n\n\n\n<figure class=\"wp-block-image size-large\"><img loading=\"lazy\" width=\"2048\" height=\"1365\" data-id=\"376\"  src=\"https:\/\/adbrasmogi.com.br\/wp-content\/uploads\/2024\/03\/foto03.jpg\" alt=\"Abertura do M\u00eas das Mulheres - 2024\" class=\"wp-image-376\" srcset=\"https:\/\/adbrasmogi.com.br\/wp-content\/uploads\/2024\/03\/foto03.jpg 2048w, https:\/\/adbrasmogi.com.br\/wp-content\/uploads\/2024\/03\/foto03-300x200.jpg 300w, https:\/\/adbrasmogi.com.br\/wp-content\/uploads\/2024\/03\/foto03-1024x683.jpg 1024w, https:\/\/adbrasmogi.com.br\/wp-content\/uploads\/2024\/03\/foto03-768x512.jpg 768w, https:\/\/adbrasmogi.com.br\/wp-content\/uploads\/2024\/03\/foto03-1536x1024.jpg 1536w\" sizes=\"(max-width: 2048px) 100vw, 2048px\" \/><\/figure>\n\n\n\n<figure class=\"wp-block-image size-large\"><img loading=\"lazy\" width=\"2048\" height=\"1365\" data-id=\"377\"  src=\"https:\/\/adbrasmogi.com.br\/wp-content\/uploads\/2024\/03\/foto005.jpg\" alt=\"Abertura do M\u00eas das Mulheres - 2024\" class=\"wp-image-377\" srcset=\"https:\/\/adbrasmogi.com.br\/wp-content\/uploads\/2024\/03\/foto005.jpg 2048w, https:\/\/adbrasmogi.com.br\/wp-content\/uploads\/2024\/03\/foto005-300x200.jpg 300w, https:\/\/adbrasmogi.com.br\/wp-content\/uploads\/2024\/03\/foto005-1024x683.jpg 1024w, https:\/\/adbrasmogi.com.br\/wp-content\/uploads\/2024\/03\/foto005-768x512.jpg 768w, https:\/\/adbrasmogi.com.br\/wp-content\/uploads\/2024\/03\/foto005-1536x1024.jpg 1536w\" sizes=\"(max-width: 2048px) 100vw, 2048px\" \/><\/figure>\n\n\n\n<figure class=\"wp-block-image size-large\"><img loading=\"lazy\" width=\"2048\" height=\"1365\" data-id=\"389\"  src=\"https:\/\/adbrasmogi.com.br\/wp-content\/uploads\/2024\/03\/panoramica-6.jpg\" alt=\"Abertura do M\u00eas das Mulheres - 2024\" class=\"wp-image-389\" srcset=\"https:\/\/adbrasmogi.com.br\/wp-content\/uploads\/2024\/03\/panoramica-6.jpg 2048w, https:\/\/adbrasmogi.com.br\/wp-content\/uploads\/2024\/03\/panoramica-6-300x200.jpg 300w, https:\/\/adbrasmogi.com.br\/wp-content\/uploads\/2024\/03\/panoramica-6-1024x683.jpg 1024w, https:\/\/adbrasmogi.com.br\/wp-content\/uploads\/2024\/03\/panoramica-6-768x512.jpg 768w, https:\/\/adbrasmogi.com.br\/wp-content\/uploads\/2024\/03\/panoramica-6-1536x1024.jpg 1536w\" sizes=\"(max-width: 2048px) 100vw, 2048px\" \/><\/figure>\n\n\n\n<figure class=\"wp-block-image size-large\"><img loading=\"lazy\" width=\"2048\" height=\"1365\" data-id=\"380\"  src=\"https:\/\/adbrasmogi.com.br\/wp-content\/uploads\/2024\/03\/fotopanoramicq10.jpg\" alt=\"Abertura do M\u00eas das Mulheres - 2024\" class=\"wp-image-380\" srcset=\"https:\/\/adbrasmogi.com.br\/wp-content\/uploads\/2024\/03\/fotopanoramicq10.jpg 2048w, https:\/\/adbrasmogi.com.br\/wp-content\/uploads\/2024\/03\/fotopanoramicq10-300x200.jpg 300w, https:\/\/adbrasmogi.com.br\/wp-content\/uploads\/2024\/03\/fotopanoramicq10-1024x683.jpg 1024w, https:\/\/adbrasmogi.com.br\/wp-content\/uploads\/2024\/03\/fotopanoramicq10-768x512.jpg 768w, https:\/\/adbrasmogi.com.br\/wp-content\/uploads\/2024\/03\/fotopanoramicq10-1536x1024.jpg 1536w\" sizes=\"(max-width: 2048px) 100vw, 2048px\" \/><\/figure>\n\n\n\n<figure class=\"wp-block-image size-large\"><img loading=\"lazy\" width=\"2048\" height=\"1365\" data-id=\"379\"  src=\"https:\/\/adbrasmogi.com.br\/wp-content\/uploads\/2024\/03\/fotoi-03.jpg\" alt=\"Abertura do M\u00eas das Mulheres - 2024\" class=\"wp-image-379\" srcset=\"https:\/\/adbrasmogi.com.br\/wp-content\/uploads\/2024\/03\/fotoi-03.jpg 2048w, https:\/\/adbrasmogi.com.br\/wp-content\/uploads\/2024\/03\/fotoi-03-300x200.jpg 300w, https:\/\/adbrasmogi.com.br\/wp-content\/uploads\/2024\/03\/fotoi-03-1024x683.jpg 1024w, https:\/\/adbrasmogi.com.br\/wp-content\/uploads\/2024\/03\/fotoi-03-768x512.jpg 768w, https:\/\/adbrasmogi.com.br\/wp-content\/uploads\/2024\/03\/fotoi-03-1536x1024.jpg 1536w\" sizes=\"(max-width: 2048px) 100vw, 2048px\" \/><\/figure>\n\n\n\n<figure class=\"wp-block-image size-large\"><img loading=\"lazy\" width=\"2048\" height=\"1365\" data-id=\"388\"  src=\"https:\/\/adbrasmogi.com.br\/wp-content\/uploads\/2024\/03\/panoramica-4.jpg\" alt=\"Abertura do M\u00eas das Mulheres - 2024\" class=\"wp-image-388\" srcset=\"https:\/\/adbrasmogi.com.br\/wp-content\/uploads\/2024\/03\/panoramica-4.jpg 2048w, https:\/\/adbrasmogi.com.br\/wp-content\/uploads\/2024\/03\/panoramica-4-300x200.jpg 300w, https:\/\/adbrasmogi.com.br\/wp-content\/uploads\/2024\/03\/panoramica-4-1024x683.jpg 1024w, https:\/\/adbrasmogi.com.br\/wp-content\/uploads\/2024\/03\/panoramica-4-768x512.jpg 768w, https:\/\/adbrasmogi.com.br\/wp-content\/uploads\/2024\/03\/panoramica-4-1536x1024.jpg 1536w\" sizes=\"(max-width: 2048px) 100vw, 2048px\" \/><\/figure>\n\n\n\n<figure class=\"wp-block-image size-large\"><img loading=\"lazy\" width=\"2048\" height=\"1365\" data-id=\"387\"  src=\"https:\/\/adbrasmogi.com.br\/wp-content\/uploads\/2024\/03\/panoramica7.jpg\" alt=\"Abertura do M\u00eas das Mulheres - 2024\" class=\"wp-image-387\" srcset=\"https:\/\/adbrasmogi.com.br\/wp-content\/uploads\/2024\/03\/panoramica7.jpg 2048w, https:\/\/adbrasmogi.com.br\/wp-content\/uploads\/2024\/03\/panoramica7-300x200.jpg 300w, https:\/\/adbrasmogi.com.br\/wp-content\/uploads\/2024\/03\/panoramica7-1024x683.jpg 1024w, https:\/\/adbrasmogi.com.br\/wp-content\/uploads\/2024\/03\/panoramica7-768x512.jpg 768w, https:\/\/adbrasmogi.com.br\/wp-content\/uploads\/2024\/03\/panoramica7-1536x1024.jpg 1536w\" sizes=\"(max-width: 2048px) 100vw, 2048px\" \/><\/figure>\n\n\n\n<figure class=\"wp-block-image size-large\"><img loading=\"lazy\" width=\"2048\" height=\"1365\" data-id=\"386\"  src=\"https:\/\/adbrasmogi.com.br\/wp-content\/uploads\/2024\/03\/panoramica3.jpg\" alt=\"Abertura do M\u00eas das Mulheres - 2024\" class=\"wp-image-386\" srcset=\"https:\/\/adbrasmogi.com.br\/wp-content\/uploads\/2024\/03\/panoramica3.jpg 2048w, https:\/\/adbrasmogi.com.br\/wp-content\/uploads\/2024\/03\/panoramica3-300x200.jpg 300w, https:\/\/adbrasmogi.com.br\/wp-content\/uploads\/2024\/03\/panoramica3-1024x683.jpg 1024w, https:\/\/adbrasmogi.com.br\/wp-content\/uploads\/2024\/03\/panoramica3-768x512.jpg 768w, https:\/\/adbrasmogi.com.br\/wp-content\/uploads\/2024\/03\/panoramica3-1536x1024.jpg 1536w\" sizes=\"(max-width: 2048px) 100vw, 2048px\" \/><\/figure>\n\n\n\n<figure class=\"wp-block-image size-large\"><img loading=\"lazy\" width=\"2048\" height=\"1365\" data-id=\"385\"  src=\"https:\/\/adbrasmogi.com.br\/wp-content\/uploads\/2024\/03\/panoramica002.jpg\" alt=\"Abertura do M\u00eas das Mulheres - 2024\" class=\"wp-image-385\" srcset=\"https:\/\/adbrasmogi.com.br\/wp-content\/uploads\/2024\/03\/panoramica002.jpg 2048w, https:\/\/adbrasmogi.com.br\/wp-content\/uploads\/2024\/03\/panoramica002-300x200.jpg 300w, https:\/\/adbrasmogi.com.br\/wp-content\/uploads\/2024\/03\/panoramica002-1024x683.jpg 1024w, https:\/\/adbrasmogi.com.br\/wp-content\/uploads\/2024\/03\/panoramica002-768x512.jpg 768w, https:\/\/adbrasmogi.com.br\/wp-content\/uploads\/2024\/03\/panoramica002-1536x1024.jpg 1536w\" sizes=\"(max-width: 2048px) 100vw, 2048px\" \/><\/figure>\n\n\n\n<figure class=\"wp-block-image size-large\"><img loading=\"lazy\" width=\"2048\" height=\"1365\" data-id=\"384\"  src=\"https:\/\/adbrasmogi.com.br\/wp-content\/uploads\/2024\/03\/panoramica2.jpg\" alt=\"Abertura do M\u00eas das Mulheres - 2024\" class=\"wp-image-384\" srcset=\"https:\/\/adbrasmogi.com.br\/wp-content\/uploads\/2024\/03\/panoramica2.jpg 2048w, https:\/\/adbrasmogi.com.br\/wp-content\/uploads\/2024\/03\/panoramica2-300x200.jpg 300w, https:\/\/adbrasmogi.com.br\/wp-content\/uploads\/2024\/03\/panoramica2-1024x683.jpg 1024w, https:\/\/adbrasmogi.com.br\/wp-content\/uploads\/2024\/03\/panoramica2-768x512.jpg 768w, https:\/\/adbrasmogi.com.br\/wp-content\/uploads\/2024\/03\/panoramica2-1536x1024.jpg 1536w\" sizes=\"(max-width: 2048px) 100vw, 2048px\" \/><\/figure>\n\n\n\n<figure class=\"wp-block-image size-large\"><img loading=\"lazy\" width=\"2048\" height=\"1365\" data-id=\"383\"  src=\"https:\/\/adbrasmogi.com.br\/wp-content\/uploads\/2024\/03\/panoramica.jpg\" alt=\"Abertura do M\u00eas das Mulheres - 2024\" class=\"wp-image-383\" srcset=\"https:\/\/adbrasmogi.com.br\/wp-content\/uploads\/2024\/03\/panoramica.jpg 2048w, https:\/\/adbrasmogi.com.br\/wp-content\/uploads\/2024\/03\/panoramica-300x200.jpg 300w, https:\/\/adbrasmogi.com.br\/wp-content\/uploads\/2024\/03\/panoramica-1024x683.jpg 1024w, https:\/\/adbrasmogi.com.br\/wp-content\/uploads\/2024\/03\/panoramica-768x512.jpg 768w, https:\/\/adbrasmogi.com.br\/wp-content\/uploads\/2024\/03\/panoramica-1536x1024.jpg 1536w\" sizes=\"(max-width: 2048px) 100vw, 2048px\" \/><\/figure>\n\n\n\n<figure class=\"wp-block-image size-large\"><img loading=\"lazy\" width=\"2048\" height=\"1365\" data-id=\"382\"  src=\"https:\/\/adbrasmogi.com.br\/wp-content\/uploads\/2024\/03\/lelis8.jpg\" alt=\"Abertura do M\u00eas das Mulheres - 2024\" class=\"wp-image-382\" srcset=\"https:\/\/adbrasmogi.com.br\/wp-content\/uploads\/2024\/03\/lelis8.jpg 2048w, https:\/\/adbrasmogi.com.br\/wp-content\/uploads\/2024\/03\/lelis8-300x200.jpg 300w, https:\/\/adbrasmogi.com.br\/wp-content\/uploads\/2024\/03\/lelis8-1024x683.jpg 1024w, https:\/\/adbrasmogi.com.br\/wp-content\/uploads\/2024\/03\/lelis8-768x512.jpg 768w, https:\/\/adbrasmogi.com.br\/wp-content\/uploads\/2024\/03\/lelis8-1536x1024.jpg 1536w\" sizes=\"(max-width: 2048px) 100vw, 2048px\" \/><\/figure>\n\n\n\n<figure class=\"wp-block-image size-large\"><img loading=\"lazy\" width=\"2048\" height=\"1365\" data-id=\"381\"  src=\"https:\/\/adbrasmogi.com.br\/wp-content\/uploads\/2024\/03\/lelis.jpg\" alt=\"Abertura do M\u00eas das Mulheres - 2024\" class=\"wp-image-381\" srcset=\"https:\/\/adbrasmogi.com.br\/wp-content\/uploads\/2024\/03\/lelis.jpg 2048w, https:\/\/adbrasmogi.com.br\/wp-content\/uploads\/2024\/03\/lelis-300x200.jpg 300w, https:\/\/adbrasmogi.com.br\/wp-content\/uploads\/2024\/03\/lelis-1024x683.jpg 1024w, https:\/\/adbrasmogi.com.br\/wp-content\/uploads\/2024\/03\/lelis-768x512.jpg 768w, https:\/\/adbrasmogi.com.br\/wp-content\/uploads\/2024\/03\/lelis-1536x1024.jpg 1536w\" sizes=\"(max-width: 2048px) 100vw, 2048px\" \/><\/figure>\n<\/figure>\n\n\n\n<figure class=\"wp-block-gallery has-nested-images columns-default is-cropped\"><\/figure>\n","protected":false},"excerpt":{"rendered":"<p>A Abertura do M\u00eas das Mulheres 2024 aconteceu no \u00faltimo dia 6 de mar\u00e7o, \u00e0s 19 horas, em nossa catedral em Mogi das Cruzes, carinhosamente conhecida como &#8220;Mogi das Ben\u00e7\u00e3os&#8221;, conforme sempre menciona nosso amado Pastor. A presen\u00e7a marcante do Pastor Presidente Gilberto de Paula e da querida Pastora Vilma de Paula dirigindo os trabalhos [&hellip;]<\/p>\n","protected":false},"author":1,"featured_media":372,"comment_status":"open","ping_status":"open","sticky":false,"template":"","format":"standard","meta":[],"categories":[6],"tags":[24,38,32,27],"yoast_head":"<!-- This site is optimized with the Yoast SEO plugin v18.5.1 - https:\/\/yoast.com\/wordpress\/plugins\/seo\/ -->\n<title>Abertura do M\u00eas das Mulheres - 2024 - Ad Bras Mogi das Cruzes<\/title>\n<meta name=\"description\" content=\"Abertura do M\u00eas das Mulheres 2024 da mulheres-2024. Tivemos a presen\u00e7a do amado Pastor Gilberto de Paula e da querida Pastora Vilma de Paula.\" \/>\n<meta name=\"robots\" content=\"index, follow, max-snippet:-1, max-image-preview:large, max-video-preview:-1\" \/>\n<link rel=\"canonical\" href=\"https:\/\/adbrasmogi.com.br\/index.php\/2024\/03\/07\/mes-mulheres-2024\/\" \/>\n<meta property=\"og:locale\" content=\"en_US\" \/>\n<meta property=\"og:type\" content=\"article\" \/>\n<meta property=\"og:title\" content=\"Abertura do M\u00eas das Mulheres - 2024 - Ad Bras Mogi das Cruzes\" \/>\n<meta property=\"og:description\" content=\"Abertura do M\u00eas das Mulheres 2024 da mulheres-2024. Tivemos a presen\u00e7a do amado Pastor Gilberto de Paula e da querida Pastora Vilma de Paula.\" \/>\n<meta property=\"og:url\" content=\"https:\/\/adbrasmogi.com.br\/index.php\/2024\/03\/07\/mes-mulheres-2024\/\" \/>\n<meta property=\"og:site_name\" content=\"Ad Bras Mogi das Cruzes\" \/>\n<meta property=\"article:published_time\" content=\"2024-03-07T17:29:11+00:00\" \/>\n<meta property=\"article:modified_time\" content=\"2024-03-08T13:04:00+00:00\" \/>\n<meta property=\"og:image\" content=\"https:\/\/adbrasmogi.com.br\/wp-content\/uploads\/2024\/03\/foto01-.jpg\" \/>\n\t<meta property=\"og:image:width\" content=\"2048\" \/>\n\t<meta property=\"og:image:height\" content=\"1365\" \/>\n\t<meta property=\"og:image:type\" content=\"image\/jpeg\" \/>\n<meta name=\"twitter:card\" content=\"summary_large_image\" \/>\n<meta name=\"twitter:label1\" content=\"Written by\" \/>\n\t<meta name=\"twitter:data1\" content=\"Ev. F\u00e1bio Codo\" \/>\n\t<meta name=\"twitter:label2\" content=\"Est. reading time\" \/>\n\t<meta name=\"twitter:data2\" content=\"6 minutes\" \/>\n<script type=\"application\/ld+json\" class=\"yoast-schema-graph\">{\"@context\":\"https:\/\/schema.org\",\"@graph\":[{\"@type\":\"WebSite\",\"@id\":\"https:\/\/adbrasmogi.com.br\/#website\",\"url\":\"https:\/\/adbrasmogi.com.br\/\",\"name\":\"Ad Bras Mogi das Cruzes\",\"description\":\"Esta Casa est\u00e1 Cheia da Gl\u00f3ria de Deus!\",\"potentialAction\":[{\"@type\":\"SearchAction\",\"target\":{\"@type\":\"EntryPoint\",\"urlTemplate\":\"https:\/\/adbrasmogi.com.br\/?s={search_term_string}\"},\"query-input\":\"required name=search_term_string\"}],\"inLanguage\":\"en-US\"},{\"@type\":\"ImageObject\",\"@id\":\"https:\/\/adbrasmogi.com.br\/index.php\/2024\/03\/07\/mes-mulheres-2024\/#primaryimage\",\"inLanguage\":\"en-US\",\"url\":\"https:\/\/adbrasmogi.com.br\/wp-content\/uploads\/2024\/03\/foto01-.jpg\",\"contentUrl\":\"https:\/\/adbrasmogi.com.br\/wp-content\/uploads\/2024\/03\/foto01-.jpg\",\"width\":2048,\"height\":1365,\"caption\":\"Pastor Presidente Gilberto de Paula na abertura do M\u00eas das Mulheres de 2024\"},{\"@type\":\"WebPage\",\"@id\":\"https:\/\/adbrasmogi.com.br\/index.php\/2024\/03\/07\/mes-mulheres-2024\/#webpage\",\"url\":\"https:\/\/adbrasmogi.com.br\/index.php\/2024\/03\/07\/mes-mulheres-2024\/\",\"name\":\"Abertura do M\u00eas das Mulheres - 2024 - Ad Bras Mogi das Cruzes\",\"isPartOf\":{\"@id\":\"https:\/\/adbrasmogi.com.br\/#website\"},\"primaryImageOfPage\":{\"@id\":\"https:\/\/adbrasmogi.com.br\/index.php\/2024\/03\/07\/mes-mulheres-2024\/#primaryimage\"},\"datePublished\":\"2024-03-07T17:29:11+00:00\",\"dateModified\":\"2024-03-08T13:04:00+00:00\",\"author\":{\"@id\":\"https:\/\/adbrasmogi.com.br\/#\/schema\/person\/eef595b366bb0e6afdec3363114a2b88\"},\"description\":\"Abertura do M\u00eas das Mulheres 2024 da mulheres-2024. Tivemos a presen\u00e7a do amado Pastor Gilberto de Paula e da querida Pastora Vilma de Paula.\",\"breadcrumb\":{\"@id\":\"https:\/\/adbrasmogi.com.br\/index.php\/2024\/03\/07\/mes-mulheres-2024\/#breadcrumb\"},\"inLanguage\":\"en-US\",\"potentialAction\":[{\"@type\":\"ReadAction\",\"target\":[\"https:\/\/adbrasmogi.com.br\/index.php\/2024\/03\/07\/mes-mulheres-2024\/\"]}]},{\"@type\":\"BreadcrumbList\",\"@id\":\"https:\/\/adbrasmogi.com.br\/index.php\/2024\/03\/07\/mes-mulheres-2024\/#breadcrumb\",\"itemListElement\":[{\"@type\":\"ListItem\",\"position\":1,\"name\":\"In\u00edcio\",\"item\":\"https:\/\/adbrasmogi.com.br\/\"},{\"@type\":\"ListItem\",\"position\":2,\"name\":\"Abertura do M\u00eas das Mulheres &#8211; 2024\"}]},{\"@type\":\"Person\",\"@id\":\"https:\/\/adbrasmogi.com.br\/#\/schema\/person\/eef595b366bb0e6afdec3363114a2b88\",\"name\":\"Ev. F\u00e1bio Codo\",\"image\":{\"@type\":\"ImageObject\",\"@id\":\"https:\/\/adbrasmogi.com.br\/#personlogo\",\"inLanguage\":\"en-US\",\"url\":\"https:\/\/secure.gravatar.com\/avatar\/79e366ffca98848bf208b3ee7c1ba341?s=96&d=mm&r=g\",\"contentUrl\":\"https:\/\/secure.gravatar.com\/avatar\/79e366ffca98848bf208b3ee7c1ba341?s=96&d=mm&r=g\",\"caption\":\"Ev. F\u00e1bio Codo\"},\"sameAs\":[\"http:\/\/adbrasmogi.com.br\"],\"url\":\"https:\/\/adbrasmogi.com.br\/index.php\/author\/fabio-codo\/\"}]}<\/script>\n<!-- \/ Yoast SEO plugin. -->","yoast_head_json":{"title":"Abertura do M\u00eas das Mulheres - 2024 - Ad Bras Mogi das Cruzes","description":"Abertura do M\u00eas das Mulheres 2024 da mulheres-2024. Tivemos a presen\u00e7a do amado Pastor Gilberto de Paula e da querida Pastora Vilma de Paula.","robots":{"index":"index","follow":"follow","max-snippet":"max-snippet:-1","max-image-preview":"max-image-preview:large","max-video-preview":"max-video-preview:-1"},"canonical":"https:\/\/adbrasmogi.com.br\/index.php\/2024\/03\/07\/mes-mulheres-2024\/","og_locale":"en_US","og_type":"article","og_title":"Abertura do M\u00eas das Mulheres - 2024 - Ad Bras Mogi das Cruzes","og_description":"Abertura do M\u00eas das Mulheres 2024 da mulheres-2024. Tivemos a presen\u00e7a do amado Pastor Gilberto de Paula e da querida Pastora Vilma de Paula.","og_url":"https:\/\/adbrasmogi.com.br\/index.php\/2024\/03\/07\/mes-mulheres-2024\/","og_site_name":"Ad Bras Mogi das Cruzes","article_published_time":"2024-03-07T17:29:11+00:00","article_modified_time":"2024-03-08T13:04:00+00:00","og_image":[{"width":2048,"height":1365,"url":"https:\/\/adbrasmogi.com.br\/wp-content\/uploads\/2024\/03\/foto01-.jpg","type":"image\/jpeg"}],"twitter_card":"summary_large_image","twitter_misc":{"Written by":"Ev. F\u00e1bio Codo","Est. reading time":"6 minutes"},"schema":{"@context":"https:\/\/schema.org","@graph":[{"@type":"WebSite","@id":"https:\/\/adbrasmogi.com.br\/#website","url":"https:\/\/adbrasmogi.com.br\/","name":"Ad Bras Mogi das Cruzes","description":"Esta Casa est\u00e1 Cheia da Gl\u00f3ria de Deus!","potentialAction":[{"@type":"SearchAction","target":{"@type":"EntryPoint","urlTemplate":"https:\/\/adbrasmogi.com.br\/?s={search_term_string}"},"query-input":"required name=search_term_string"}],"inLanguage":"en-US"},{"@type":"ImageObject","@id":"https:\/\/adbrasmogi.com.br\/index.php\/2024\/03\/07\/mes-mulheres-2024\/#primaryimage","inLanguage":"en-US","url":"https:\/\/adbrasmogi.com.br\/wp-content\/uploads\/2024\/03\/foto01-.jpg","contentUrl":"https:\/\/adbrasmogi.com.br\/wp-content\/uploads\/2024\/03\/foto01-.jpg","width":2048,"height":1365,"caption":"Pastor Presidente Gilberto de Paula na abertura do M\u00eas das Mulheres de 2024"},{"@type":"WebPage","@id":"https:\/\/adbrasmogi.com.br\/index.php\/2024\/03\/07\/mes-mulheres-2024\/#webpage","url":"https:\/\/adbrasmogi.com.br\/index.php\/2024\/03\/07\/mes-mulheres-2024\/","name":"Abertura do M\u00eas das Mulheres - 2024 - Ad Bras Mogi das Cruzes","isPartOf":{"@id":"https:\/\/adbrasmogi.com.br\/#website"},"primaryImageOfPage":{"@id":"https:\/\/adbrasmogi.com.br\/index.php\/2024\/03\/07\/mes-mulheres-2024\/#primaryimage"},"datePublished":"2024-03-07T17:29:11+00:00","dateModified":"2024-03-08T13:04:00+00:00","author":{"@id":"https:\/\/adbrasmogi.com.br\/#\/schema\/person\/eef595b366bb0e6afdec3363114a2b88"},"description":"Abertura do M\u00eas das Mulheres 2024 da mulheres-2024. Tivemos a presen\u00e7a do amado Pastor Gilberto de Paula e da querida Pastora Vilma de Paula.","breadcrumb":{"@id":"https:\/\/adbrasmogi.com.br\/index.php\/2024\/03\/07\/mes-mulheres-2024\/#breadcrumb"},"inLanguage":"en-US","potentialAction":[{"@type":"ReadAction","target":["https:\/\/adbrasmogi.com.br\/index.php\/2024\/03\/07\/mes-mulheres-2024\/"]}]},{"@type":"BreadcrumbList","@id":"https:\/\/adbrasmogi.com.br\/index.php\/2024\/03\/07\/mes-mulheres-2024\/#breadcrumb","itemListElement":[{"@type":"ListItem","position":1,"name":"In\u00edcio","item":"https:\/\/adbrasmogi.com.br\/"},{"@type":"ListItem","position":2,"name":"Abertura do M\u00eas das Mulheres &#8211; 2024"}]},{"@type":"Person","@id":"https:\/\/adbrasmogi.com.br\/#\/schema\/person\/eef595b366bb0e6afdec3363114a2b88","name":"Ev. F\u00e1bio Codo","image":{"@type":"ImageObject","@id":"https:\/\/adbrasmogi.com.br\/#personlogo","inLanguage":"en-US","url":"https:\/\/secure.gravatar.com\/avatar\/79e366ffca98848bf208b3ee7c1ba341?s=96&d=mm&r=g","contentUrl":"https:\/\/secure.gravatar.com\/avatar\/79e366ffca98848bf208b3ee7c1ba341?s=96&d=mm&r=g","caption":"Ev. F\u00e1bio Codo"},"sameAs":["http:\/\/adbrasmogi.com.br"],"url":"https:\/\/adbrasmogi.com.br\/index.php\/author\/fabio-codo\/"}]}},"_links":{"self":[{"href":"https:\/\/adbrasmogi.com.br\/index.php\/wp-json\/wp\/v2\/posts\/370"}],"collection":[{"href":"https:\/\/adbrasmogi.com.br\/index.php\/wp-json\/wp\/v2\/posts"}],"about":[{"href":"https:\/\/adbrasmogi.com.br\/index.php\/wp-json\/wp\/v2\/types\/post"}],"author":[{"embeddable":true,"href":"https:\/\/adbrasmogi.com.br\/index.php\/wp-json\/wp\/v2\/users\/1"}],"replies":[{"embeddable":true,"href":"https:\/\/adbrasmogi.com.br\/index.php\/wp-json\/wp\/v2\/comments?post=370"}],"version-history":[{"count":3,"href":"https:\/\/adbrasmogi.com.br\/index.php\/wp-json\/wp\/v2\/posts\/370\/revisions"}],"predecessor-version":[{"id":392,"href":"https:\/\/adbrasmogi.com.br\/index.php\/wp-json\/wp\/v2\/posts\/370\/revisions\/392"}],"wp:featuredmedia":[{"embeddable":true,"href":"https:\/\/adbrasmogi.com.br\/index.php\/wp-json\/wp\/v2\/media\/372"}],"wp:attachment":[{"href":"https:\/\/adbrasmogi.com.br\/index.php\/wp-json\/wp\/v2\/media?parent=370"}],"wp:term":[{"taxonomy":"category","embeddable":true,"href":"https:\/\/adbrasmogi.com.br\/index.php\/wp-json\/wp\/v2\/categories?post=370"},{"taxonomy":"post_tag","embeddable":true,"href":"https:\/\/adbrasmogi.com.br\/index.php\/wp-json\/wp\/v2\/tags?post=370"}],"curies":[{"name":"wp","href":"https:\/\/api.w.org\/{rel}","templated":true}]}}