{"id":75,"date":"2022-04-08T18:27:00","date_gmt":"2022-04-08T21:27:00","guid":{"rendered":"http:\/\/steam360.com.br\/adbrasmogi\/?p=1"},"modified":"2024-03-08T10:04:34","modified_gmt":"2024-03-08T13:04:34","slug":"mencao-aplausos","status":"publish","type":"post","link":"https:\/\/adbrasmogi.com.br\/index.php\/2022\/04\/08\/mencao-aplausos\/","title":{"rendered":"\ud83d\udcdc Men\u00e7\u00e3o de Aplausos e Congratula\u00e7\u00f5es"},"content":{"rendered":"\n<p>\u00ae\ufe0f Ontem , dia 23 de Fevereiro , a AD Br\u00e1s Mogi , representada pelo nosso querido Pastor Gilberto de Paula foi mais uma vez reconhecida pelo Poder Legislativo da Cidade de Mogi da Cruzes onde recebeu a &#8220;Men\u00e7\u00e3o de Aplausos e Congratula\u00e7\u00f5es&#8221; pelos 80 anos de trabalho na cidade.<\/p>\n\n\n\n<p>\ud83c\udfc6 Mais um reconhecimento do nosso trabalho, sempre presente na mem\u00f3ria da nossa querida &#8220;Mogi das B\u00ean\u00e7\u00e3os&#8221; <\/p>\n\n\n\n<p>\ud83d\ude4fEbenezer &#8211; At\u00e9 aqui nos ajudou o Senhor &#8230;!!!!! \ud83d\ude4f<\/p>\n\n\n\n<figure class=\"wp-block-gallery has-nested-images columns-default is-cropped\">\n<figure class=\"wp-block-image size-large\"><img loading=\"lazy\" width=\"1024\" height=\"768\" data-id=\"65\"  src=\"https:\/\/adbrasmogi.com.br\/wp-content\/uploads\/2022\/04\/post5-1-1024x768.jpeg\" alt=\"\" class=\"wp-image-65\" srcset=\"https:\/\/adbrasmogi.com.br\/wp-content\/uploads\/2022\/04\/post5-1-1024x768.jpeg 1024w, https:\/\/adbrasmogi.com.br\/wp-content\/uploads\/2022\/04\/post5-1-600x450.jpeg 600w, https:\/\/adbrasmogi.com.br\/wp-content\/uploads\/2022\/04\/post5-1-300x225.jpeg 300w, https:\/\/adbrasmogi.com.br\/wp-content\/uploads\/2022\/04\/post5-1-768x576.jpeg 768w, https:\/\/adbrasmogi.com.br\/wp-content\/uploads\/2022\/04\/post5-1-1536x1152.jpeg 1536w, https:\/\/adbrasmogi.com.br\/wp-content\/uploads\/2022\/04\/post5-1.jpeg 1600w\" sizes=\"(max-width: 1024px) 100vw, 1024px\" \/><\/figure>\n\n\n\n<figure class=\"wp-block-image size-large\"><img loading=\"lazy\" width=\"1024\" height=\"1024\" data-id=\"64\"  src=\"https:\/\/adbrasmogi.com.br\/wp-content\/uploads\/2022\/04\/post1-1-1024x1024.jpeg\" alt=\"\" class=\"wp-image-64\" srcset=\"https:\/\/adbrasmogi.com.br\/wp-content\/uploads\/2022\/04\/post1-1-1024x1024.jpeg 1024w, https:\/\/adbrasmogi.com.br\/wp-content\/uploads\/2022\/04\/post1-1-300x300.jpeg 300w, https:\/\/adbrasmogi.com.br\/wp-content\/uploads\/2022\/04\/post1-1-100x100.jpeg 100w, https:\/\/adbrasmogi.com.br\/wp-content\/uploads\/2022\/04\/post1-1-600x600.jpeg 600w, https:\/\/adbrasmogi.com.br\/wp-content\/uploads\/2022\/04\/post1-1-150x150.jpeg 150w, https:\/\/adbrasmogi.com.br\/wp-content\/uploads\/2022\/04\/post1-1-768x768.jpeg 768w, https:\/\/adbrasmogi.com.br\/wp-content\/uploads\/2022\/04\/post1-1.jpeg 1080w\" sizes=\"(max-width: 1024px) 100vw, 1024px\" \/><\/figure>\n\n\n\n<figure class=\"wp-block-image size-large\"><img loading=\"lazy\" width=\"1024\" height=\"682\" data-id=\"67\"  src=\"https:\/\/adbrasmogi.com.br\/wp-content\/uploads\/2022\/04\/post2-1-1024x682.jpeg\" alt=\"\" class=\"wp-image-67\" srcset=\"https:\/\/adbrasmogi.com.br\/wp-content\/uploads\/2022\/04\/post2-1-1024x682.jpeg 1024w, https:\/\/adbrasmogi.com.br\/wp-content\/uploads\/2022\/04\/post2-1-600x400.jpeg 600w, https:\/\/adbrasmogi.com.br\/wp-content\/uploads\/2022\/04\/post2-1-300x200.jpeg 300w, https:\/\/adbrasmogi.com.br\/wp-content\/uploads\/2022\/04\/post2-1-768x512.jpeg 768w, https:\/\/adbrasmogi.com.br\/wp-content\/uploads\/2022\/04\/post2-1.jpeg 1280w\" sizes=\"(max-width: 1024px) 100vw, 1024px\" \/><\/figure>\n\n\n\n<figure class=\"wp-block-image size-large\"><img loading=\"lazy\" width=\"1024\" height=\"1024\" data-id=\"63\"  src=\"https:\/\/adbrasmogi.com.br\/wp-content\/uploads\/2022\/04\/post3-1-1024x1024.jpeg\" alt=\"\" class=\"wp-image-63\" srcset=\"https:\/\/adbrasmogi.com.br\/wp-content\/uploads\/2022\/04\/post3-1-1024x1024.jpeg 1024w, https:\/\/adbrasmogi.com.br\/wp-content\/uploads\/2022\/04\/post3-1-300x300.jpeg 300w, https:\/\/adbrasmogi.com.br\/wp-content\/uploads\/2022\/04\/post3-1-100x100.jpeg 100w, https:\/\/adbrasmogi.com.br\/wp-content\/uploads\/2022\/04\/post3-1-600x600.jpeg 600w, https:\/\/adbrasmogi.com.br\/wp-content\/uploads\/2022\/04\/post3-1-150x150.jpeg 150w, https:\/\/adbrasmogi.com.br\/wp-content\/uploads\/2022\/04\/post3-1-768x768.jpeg 768w, https:\/\/adbrasmogi.com.br\/wp-content\/uploads\/2022\/04\/post3-1.jpeg 1080w\" sizes=\"(max-width: 1024px) 100vw, 1024px\" \/><\/figure>\n\n\n\n<figure class=\"wp-block-image size-large\"><img loading=\"lazy\" width=\"768\" height=\"1024\" data-id=\"66\"  src=\"https:\/\/adbrasmogi.com.br\/wp-content\/uploads\/2022\/04\/post4-1-768x1024.jpeg\" alt=\"\" class=\"wp-image-66\" srcset=\"https:\/\/adbrasmogi.com.br\/wp-content\/uploads\/2022\/04\/post4-1-768x1024.jpeg 768w, https:\/\/adbrasmogi.com.br\/wp-content\/uploads\/2022\/04\/post4-1-600x800.jpeg 600w, https:\/\/adbrasmogi.com.br\/wp-content\/uploads\/2022\/04\/post4-1-225x300.jpeg 225w, https:\/\/adbrasmogi.com.br\/wp-content\/uploads\/2022\/04\/post4-1-1152x1536.jpeg 1152w, https:\/\/adbrasmogi.com.br\/wp-content\/uploads\/2022\/04\/post4-1.jpeg 1200w\" sizes=\"(max-width: 768px) 100vw, 768px\" \/><\/figure>\n<\/figure>\n","protected":false},"excerpt":{"rendered":"<p>\u00ae\ufe0f Ontem , dia 23 de Fevereiro , a AD Br\u00e1s Mogi , representada pelo nosso querido Pastor Gilberto de Paula foi mais uma vez reconhecida pelo Poder Legislativo da Cidade de Mogi da Cruzes onde recebeu a &#8220;Men\u00e7\u00e3o de Aplausos e Congratula\u00e7\u00f5es&#8221; pelos 80 anos de trabalho na cidade. \ud83c\udfc6 Mais um reconhecimento do [&hellip;]<\/p>\n","protected":false},"author":1,"featured_media":64,"comment_status":"open","ping_status":"closed","sticky":false,"template":"","format":"standard","meta":[],"categories":[4],"tags":[],"yoast_head":"<!-- This site is optimized with the Yoast SEO plugin v18.5.1 - https:\/\/yoast.com\/wordpress\/plugins\/seo\/ -->\n<title>\ud83d\udcdc Men\u00e7\u00e3o de Aplausos e Congratula\u00e7\u00f5es - Ad Bras Mogi das Cruzes<\/title>\n<meta name=\"robots\" content=\"index, follow, max-snippet:-1, max-image-preview:large, max-video-preview:-1\" \/>\n<link rel=\"canonical\" href=\"https:\/\/adbrasmogi.com.br\/index.php\/2022\/04\/08\/mencao-aplausos\/\" \/>\n<meta property=\"og:locale\" content=\"en_US\" \/>\n<meta property=\"og:type\" content=\"article\" \/>\n<meta property=\"og:title\" content=\"\ud83d\udcdc Men\u00e7\u00e3o de Aplausos e Congratula\u00e7\u00f5es - Ad Bras Mogi das Cruzes\" \/>\n<meta property=\"og:description\" content=\"\u00ae\ufe0f Ontem , dia 23 de Fevereiro , a AD Br\u00e1s Mogi , representada pelo nosso querido Pastor Gilberto de Paula foi mais uma vez reconhecida pelo Poder Legislativo da Cidade de Mogi da Cruzes onde recebeu a &#8220;Men\u00e7\u00e3o de Aplausos e Congratula\u00e7\u00f5es&#8221; pelos 80 anos de trabalho na cidade. \ud83c\udfc6 Mais um reconhecimento do [&hellip;]\" \/>\n<meta property=\"og:url\" content=\"https:\/\/adbrasmogi.com.br\/index.php\/2022\/04\/08\/mencao-aplausos\/\" \/>\n<meta property=\"og:site_name\" content=\"Ad Bras Mogi das Cruzes\" \/>\n<meta property=\"article:published_time\" content=\"2022-04-08T21:27:00+00:00\" \/>\n<meta property=\"article:modified_time\" content=\"2024-03-08T13:04:34+00:00\" \/>\n<meta property=\"og:image\" content=\"https:\/\/adbrasmogi.com.br\/wp-content\/uploads\/2022\/04\/post1-1.jpeg\" \/>\n\t<meta property=\"og:image:width\" content=\"1080\" \/>\n\t<meta property=\"og:image:height\" content=\"1080\" \/>\n\t<meta property=\"og:image:type\" content=\"image\/jpeg\" \/>\n<meta name=\"twitter:card\" content=\"summary_large_image\" \/>\n<meta name=\"twitter:label1\" content=\"Written by\" \/>\n\t<meta name=\"twitter:data1\" content=\"Ev. F\u00e1bio Codo\" \/>\n<script type=\"application\/ld+json\" class=\"yoast-schema-graph\">{\"@context\":\"https:\/\/schema.org\",\"@graph\":[{\"@type\":\"WebSite\",\"@id\":\"https:\/\/adbrasmogi.com.br\/#website\",\"url\":\"https:\/\/adbrasmogi.com.br\/\",\"name\":\"Ad Bras Mogi das Cruzes\",\"description\":\"Esta Casa est\u00e1 Cheia da Gl\u00f3ria de Deus!\",\"potentialAction\":[{\"@type\":\"SearchAction\",\"target\":{\"@type\":\"EntryPoint\",\"urlTemplate\":\"https:\/\/adbrasmogi.com.br\/?s={search_term_string}\"},\"query-input\":\"required name=search_term_string\"}],\"inLanguage\":\"en-US\"},{\"@type\":\"ImageObject\",\"@id\":\"https:\/\/adbrasmogi.com.br\/index.php\/2022\/04\/08\/mencao-aplausos\/#primaryimage\",\"inLanguage\":\"en-US\",\"url\":\"https:\/\/adbrasmogi.com.br\/wp-content\/uploads\/2022\/04\/post1-1.jpeg\",\"contentUrl\":\"https:\/\/adbrasmogi.com.br\/wp-content\/uploads\/2022\/04\/post1-1.jpeg\",\"width\":1080,\"height\":1080},{\"@type\":\"WebPage\",\"@id\":\"https:\/\/adbrasmogi.com.br\/index.php\/2022\/04\/08\/mencao-aplausos\/#webpage\",\"url\":\"https:\/\/adbrasmogi.com.br\/index.php\/2022\/04\/08\/mencao-aplausos\/\",\"name\":\"\ud83d\udcdc Men\u00e7\u00e3o de Aplausos e Congratula\u00e7\u00f5es - Ad Bras Mogi das Cruzes\",\"isPartOf\":{\"@id\":\"https:\/\/adbrasmogi.com.br\/#website\"},\"primaryImageOfPage\":{\"@id\":\"https:\/\/adbrasmogi.com.br\/index.php\/2022\/04\/08\/mencao-aplausos\/#primaryimage\"},\"datePublished\":\"2022-04-08T21:27:00+00:00\",\"dateModified\":\"2024-03-08T13:04:34+00:00\",\"author\":{\"@id\":\"https:\/\/adbrasmogi.com.br\/#\/schema\/person\/eef595b366bb0e6afdec3363114a2b88\"},\"breadcrumb\":{\"@id\":\"https:\/\/adbrasmogi.com.br\/index.php\/2022\/04\/08\/mencao-aplausos\/#breadcrumb\"},\"inLanguage\":\"en-US\",\"potentialAction\":[{\"@type\":\"ReadAction\",\"target\":[\"https:\/\/adbrasmogi.com.br\/index.php\/2022\/04\/08\/mencao-aplausos\/\"]}]},{\"@type\":\"BreadcrumbList\",\"@id\":\"https:\/\/adbrasmogi.com.br\/index.php\/2022\/04\/08\/mencao-aplausos\/#breadcrumb\",\"itemListElement\":[{\"@type\":\"ListItem\",\"position\":1,\"name\":\"In\u00edcio\",\"item\":\"https:\/\/adbrasmogi.com.br\/\"},{\"@type\":\"ListItem\",\"position\":2,\"name\":\"\ud83d\udcdc Men\u00e7\u00e3o de Aplausos e Congratula\u00e7\u00f5es\"}]},{\"@type\":\"Person\",\"@id\":\"https:\/\/adbrasmogi.com.br\/#\/schema\/person\/eef595b366bb0e6afdec3363114a2b88\",\"name\":\"Ev. F\u00e1bio Codo\",\"image\":{\"@type\":\"ImageObject\",\"@id\":\"https:\/\/adbrasmogi.com.br\/#personlogo\",\"inLanguage\":\"en-US\",\"url\":\"https:\/\/secure.gravatar.com\/avatar\/79e366ffca98848bf208b3ee7c1ba341?s=96&d=mm&r=g\",\"contentUrl\":\"https:\/\/secure.gravatar.com\/avatar\/79e366ffca98848bf208b3ee7c1ba341?s=96&d=mm&r=g\",\"caption\":\"Ev. F\u00e1bio Codo\"},\"sameAs\":[\"http:\/\/adbrasmogi.com.br\"],\"url\":\"https:\/\/adbrasmogi.com.br\/index.php\/author\/fabio-codo\/\"}]}<\/script>\n<!-- \/ Yoast SEO plugin. -->","yoast_head_json":{"title":"\ud83d\udcdc Men\u00e7\u00e3o de Aplausos e Congratula\u00e7\u00f5es - Ad Bras Mogi das Cruzes","robots":{"index":"index","follow":"follow","max-snippet":"max-snippet:-1","max-image-preview":"max-image-preview:large","max-video-preview":"max-video-preview:-1"},"canonical":"https:\/\/adbrasmogi.com.br\/index.php\/2022\/04\/08\/mencao-aplausos\/","og_locale":"en_US","og_type":"article","og_title":"\ud83d\udcdc Men\u00e7\u00e3o de Aplausos e Congratula\u00e7\u00f5es - Ad Bras Mogi das Cruzes","og_description":"\u00ae\ufe0f Ontem , dia 23 de Fevereiro , a AD Br\u00e1s Mogi , representada pelo nosso querido Pastor Gilberto de Paula foi mais uma vez reconhecida pelo Poder Legislativo da Cidade de Mogi da Cruzes onde recebeu a &#8220;Men\u00e7\u00e3o de Aplausos e Congratula\u00e7\u00f5es&#8221; pelos 80 anos de trabalho na cidade. \ud83c\udfc6 Mais um reconhecimento do [&hellip;]","og_url":"https:\/\/adbrasmogi.com.br\/index.php\/2022\/04\/08\/mencao-aplausos\/","og_site_name":"Ad Bras Mogi das Cruzes","article_published_time":"2022-04-08T21:27:00+00:00","article_modified_time":"2024-03-08T13:04:34+00:00","og_image":[{"width":1080,"height":1080,"url":"https:\/\/adbrasmogi.com.br\/wp-content\/uploads\/2022\/04\/post1-1.jpeg","type":"image\/jpeg"}],"twitter_card":"summary_large_image","twitter_misc":{"Written by":"Ev. F\u00e1bio Codo"},"schema":{"@context":"https:\/\/schema.org","@graph":[{"@type":"WebSite","@id":"https:\/\/adbrasmogi.com.br\/#website","url":"https:\/\/adbrasmogi.com.br\/","name":"Ad Bras Mogi das Cruzes","description":"Esta Casa est\u00e1 Cheia da Gl\u00f3ria de Deus!","potentialAction":[{"@type":"SearchAction","target":{"@type":"EntryPoint","urlTemplate":"https:\/\/adbrasmogi.com.br\/?s={search_term_string}"},"query-input":"required name=search_term_string"}],"inLanguage":"en-US"},{"@type":"ImageObject","@id":"https:\/\/adbrasmogi.com.br\/index.php\/2022\/04\/08\/mencao-aplausos\/#primaryimage","inLanguage":"en-US","url":"https:\/\/adbrasmogi.com.br\/wp-content\/uploads\/2022\/04\/post1-1.jpeg","contentUrl":"https:\/\/adbrasmogi.com.br\/wp-content\/uploads\/2022\/04\/post1-1.jpeg","width":1080,"height":1080},{"@type":"WebPage","@id":"https:\/\/adbrasmogi.com.br\/index.php\/2022\/04\/08\/mencao-aplausos\/#webpage","url":"https:\/\/adbrasmogi.com.br\/index.php\/2022\/04\/08\/mencao-aplausos\/","name":"\ud83d\udcdc Men\u00e7\u00e3o de Aplausos e Congratula\u00e7\u00f5es - Ad Bras Mogi das Cruzes","isPartOf":{"@id":"https:\/\/adbrasmogi.com.br\/#website"},"primaryImageOfPage":{"@id":"https:\/\/adbrasmogi.com.br\/index.php\/2022\/04\/08\/mencao-aplausos\/#primaryimage"},"datePublished":"2022-04-08T21:27:00+00:00","dateModified":"2024-03-08T13:04:34+00:00","author":{"@id":"https:\/\/adbrasmogi.com.br\/#\/schema\/person\/eef595b366bb0e6afdec3363114a2b88"},"breadcrumb":{"@id":"https:\/\/adbrasmogi.com.br\/index.php\/2022\/04\/08\/mencao-aplausos\/#breadcrumb"},"inLanguage":"en-US","potentialAction":[{"@type":"ReadAction","target":["https:\/\/adbrasmogi.com.br\/index.php\/2022\/04\/08\/mencao-aplausos\/"]}]},{"@type":"BreadcrumbList","@id":"https:\/\/adbrasmogi.com.br\/index.php\/2022\/04\/08\/mencao-aplausos\/#breadcrumb","itemListElement":[{"@type":"ListItem","position":1,"name":"In\u00edcio","item":"https:\/\/adbrasmogi.com.br\/"},{"@type":"ListItem","position":2,"name":"\ud83d\udcdc Men\u00e7\u00e3o de Aplausos e Congratula\u00e7\u00f5es"}]},{"@type":"Person","@id":"https:\/\/adbrasmogi.com.br\/#\/schema\/person\/eef595b366bb0e6afdec3363114a2b88","name":"Ev. F\u00e1bio Codo","image":{"@type":"ImageObject","@id":"https:\/\/adbrasmogi.com.br\/#personlogo","inLanguage":"en-US","url":"https:\/\/secure.gravatar.com\/avatar\/79e366ffca98848bf208b3ee7c1ba341?s=96&d=mm&r=g","contentUrl":"https:\/\/secure.gravatar.com\/avatar\/79e366ffca98848bf208b3ee7c1ba341?s=96&d=mm&r=g","caption":"Ev. F\u00e1bio Codo"},"sameAs":["http:\/\/adbrasmogi.com.br"],"url":"https:\/\/adbrasmogi.com.br\/index.php\/author\/fabio-codo\/"}]}},"_links":{"self":[{"href":"https:\/\/adbrasmogi.com.br\/index.php\/wp-json\/wp\/v2\/posts\/75"}],"collection":[{"href":"https:\/\/adbrasmogi.com.br\/index.php\/wp-json\/wp\/v2\/posts"}],"about":[{"href":"https:\/\/adbrasmogi.com.br\/index.php\/wp-json\/wp\/v2\/types\/post"}],"author":[{"embeddable":true,"href":"https:\/\/adbrasmogi.com.br\/index.php\/wp-json\/wp\/v2\/users\/1"}],"replies":[{"embeddable":true,"href":"https:\/\/adbrasmogi.com.br\/index.php\/wp-json\/wp\/v2\/comments?post=75"}],"version-history":[{"count":1,"href":"https:\/\/adbrasmogi.com.br\/index.php\/wp-json\/wp\/v2\/posts\/75\/revisions"}],"predecessor-version":[{"id":283,"href":"https:\/\/adbrasmogi.com.br\/index.php\/wp-json\/wp\/v2\/posts\/75\/revisions\/283"}],"wp:featuredmedia":[{"embeddable":true,"href":"https:\/\/adbrasmogi.com.br\/index.php\/wp-json\/wp\/v2\/media\/64"}],"wp:attachment":[{"href":"https:\/\/adbrasmogi.com.br\/index.php\/wp-json\/wp\/v2\/media?parent=75"}],"wp:term":[{"taxonomy":"category","embeddable":true,"href":"https:\/\/adbrasmogi.com.br\/index.php\/wp-json\/wp\/v2\/categories?post=75"},{"taxonomy":"post_tag","embeddable":true,"href":"https:\/\/adbrasmogi.com.br\/index.php\/wp-json\/wp\/v2\/tags?post=75"}],"curies":[{"name":"wp","href":"https:\/\/api.w.org\/{rel}","templated":true}]}}